{"id":199,"date":"2020-05-18T10:37:20","date_gmt":"2020-05-18T08:37:20","guid":{"rendered":"https:\/\/mei.ms-dev.it\/?p=199"},"modified":"2022-02-07T17:19:09","modified_gmt":"2022-02-07T16:19:09","slug":"imd202020-ziua-internationala-a-muzeelor-2020","status":"publish","type":"post","link":"https:\/\/www.museoemigrazioneitaliana.org\/ro\/imd2020-international-museum-day-2020\/","title":{"rendered":"#IMD202020 | Ziua Interna\u021bional\u0103 a Muzeelor 2020"},"content":{"rendered":"<p><a href=\"https:\/\/www.facebook.com\/hashtag\/laculturanonsiferma?__eep__=6\" target=\"_blank\" rel=\"noreferrer noopener\">#laculturanonline<\/a><\/p>\n\n\n\n<p><strong>#IMD202020 | Ziua Interna\u021bional\u0103 a Muzeelor 2020<\/strong><\/p>\n\n\n\n<p><br>Ast\u0103zi este Ziua Interna\u021bional\u0103 a Muzeelor, instituit\u0103 de ICOM \u00een 1977, cu scopul de a con\u0219tientiza oamenii c\u0103 muzeele sunt un mijloc important de schimb cultural, de \u00eembog\u0103\u021bire a culturilor \u0219i de dezvoltare a \u00een\u021belegerii reciproce, a cooper\u0103rii \u0219i a p\u0103cii \u00eentre popoare.<\/p>\n\n\n\n<p>\u00cen a\u0219teptarea primirii mele \u00eenapoi, v\u0103 \u00eent\u00e2mpin\u0103m virtual cu un VIDEO<\/p>\n\n\n\n<figure class=\"wp-block-embed-youtube wp-block-embed is-type-video is-provider-youtube wp-embed-aspect-4-3 wp-has-aspect-ratio\"><div class=\"wp-block-embed__wrapper\">\n<iframe loading=\"lazy\" title=\"Muzeul Paolo Cresci ITA\" width=\"500\" height=\"375\" src=\"https:\/\/www.youtube.com\/embed\/tVSNpCjF01Q?list=UUPTq5jayvjYWU3w70L84qqQ\" frameborder=\"0\" allow=\"accelerometer; autoplay; clipboard-write; encrypted-media; gyroscope; picture-in-picture; web-share\" referrerpolicy=\"strict-origin-when-cross-origin\" allowfullscreen><\/iframe>\n<\/div><\/figure>\n\n\n\n<p>#museumopaolocresci<\/p>\n\n\n\n<p># emigrare<\/p>\n\n\n\n<p>&nbsp;1TP6Emigra\u021bia italian\u0103<\/p>","protected":false},"excerpt":{"rendered":"<p>#laculturanonsiferma #IMD2020 | International Museum Day 2020 Oggi giornata Internazionale dei Musei, istituita da ICOM nel 1977, con l&#8217;obiettivo di rendere consapevoli che i Musei sono un importante mezzo di scambio culturale, arricchimento delle culture e sviluppo di comprensione reciproca, cooperazione e pace fra i popoli In attesa di darmi di nuovo il benvenuto, vi [&hellip;]<\/p>\n","protected":false},"author":1,"featured_media":200,"comment_status":"closed","ping_status":"open","sticky":false,"template":"","format":"standard","meta":{"_acf_changed":false,"site-sidebar-layout":"default","site-content-layout":"default","ast-site-content-layout":"default","site-content-style":"default","site-sidebar-style":"default","ast-global-header-display":"","ast-banner-title-visibility":"","ast-main-header-display":"","ast-hfb-above-header-display":"","ast-hfb-below-header-display":"","ast-hfb-mobile-header-display":"","site-post-title":"","ast-breadcrumbs-content":"","ast-featured-img":"","footer-sml-layout":"","ast-disable-related-posts":"","theme-transparent-header-meta":"default","adv-header-id-meta":"","stick-header-meta":"","header-above-stick-meta":"","header-main-stick-meta":"","header-below-stick-meta":"","astra-migrate-meta-layouts":"default","ast-page-background-enabled":"default","ast-page-background-meta":{"desktop":{"background-color":"","background-image":"","background-repeat":"repeat","background-position":"center center","background-size":"auto","background-attachment":"scroll","background-type":"","background-media":"","overlay-type":"","overlay-color":"","overlay-opacity":"","overlay-gradient":""},"tablet":{"background-color":"","background-image":"","background-repeat":"repeat","background-position":"center center","background-size":"auto","background-attachment":"scroll","background-type":"","background-media":"","overlay-type":"","overlay-color":"","overlay-opacity":"","overlay-gradient":""},"mobile":{"background-color":"","background-image":"","background-repeat":"repeat","background-position":"center center","background-size":"auto","background-attachment":"scroll","background-type":"","background-media":"","overlay-type":"","overlay-color":"","overlay-opacity":"","overlay-gradient":""}},"ast-content-background-meta":{"desktop":{"background-color":"var(--ast-global-color-5)","background-image":"","background-repeat":"repeat","background-position":"center center","background-size":"auto","background-attachment":"scroll","background-type":"","background-media":"","overlay-type":"","overlay-color":"","overlay-opacity":"","overlay-gradient":""},"tablet":{"background-color":"var(--ast-global-color-5)","background-image":"","background-repeat":"repeat","background-position":"center center","background-size":"auto","background-attachment":"scroll","background-type":"","background-media":"","overlay-type":"","overlay-color":"","overlay-opacity":"","overlay-gradient":""},"mobile":{"background-color":"var(--ast-global-color-5)","background-image":"","background-repeat":"repeat","background-position":"center center","background-size":"auto","background-attachment":"scroll","background-type":"","background-media":"","overlay-type":"","overlay-color":"","overlay-opacity":"","overlay-gradient":""}},"footnotes":""},"categories":[1],"tags":[],"class_list":["post-199","post","type-post","status-publish","format-standard","has-post-thumbnail","hentry","category-non-categorizzato"],"acf":[],"_links":{"self":[{"href":"https:\/\/www.museoemigrazioneitaliana.org\/ro\/wp-json\/wp\/v2\/posts\/199","targetHints":{"allow":["GET"]}}],"collection":[{"href":"https:\/\/www.museoemigrazioneitaliana.org\/ro\/wp-json\/wp\/v2\/posts"}],"about":[{"href":"https:\/\/www.museoemigrazioneitaliana.org\/ro\/wp-json\/wp\/v2\/types\/post"}],"author":[{"embeddable":true,"href":"https:\/\/www.museoemigrazioneitaliana.org\/ro\/wp-json\/wp\/v2\/users\/1"}],"replies":[{"embeddable":true,"href":"https:\/\/www.museoemigrazioneitaliana.org\/ro\/wp-json\/wp\/v2\/comments?post=199"}],"version-history":[{"count":1,"href":"https:\/\/www.museoemigrazioneitaliana.org\/ro\/wp-json\/wp\/v2\/posts\/199\/revisions"}],"predecessor-version":[{"id":201,"href":"https:\/\/www.museoemigrazioneitaliana.org\/ro\/wp-json\/wp\/v2\/posts\/199\/revisions\/201"}],"wp:featuredmedia":[{"embeddable":true,"href":"https:\/\/www.museoemigrazioneitaliana.org\/ro\/wp-json\/wp\/v2\/media\/200"}],"wp:attachment":[{"href":"https:\/\/www.museoemigrazioneitaliana.org\/ro\/wp-json\/wp\/v2\/media?parent=199"}],"wp:term":[{"taxonomy":"category","embeddable":true,"href":"https:\/\/www.museoemigrazioneitaliana.org\/ro\/wp-json\/wp\/v2\/categories?post=199"},{"taxonomy":"post_tag","embeddable":true,"href":"https:\/\/www.museoemigrazioneitaliana.org\/ro\/wp-json\/wp\/v2\/tags?post=199"}],"curies":[{"name":"wp","href":"https:\/\/api.w.org\/{rel}","templated":true}]}}