{"id":3328,"date":"2022-09-09T21:30:47","date_gmt":"2022-09-09T19:30:47","guid":{"rendered":"https:\/\/www.museoemigrazioneitaliana.org\/?p=3328"},"modified":"2022-09-09T21:59:50","modified_gmt":"2022-09-09T19:59:50","slug":"navires-en-papier","status":"publish","type":"post","link":"https:\/\/www.museoemigrazioneitaliana.org\/fr\/navi-di-carta\/","title":{"rendered":"Navires de papier - Cent ans d'\u00e9migration italienne outre-mer"},"content":{"rendered":"<p><\/p>\n\n\n\n<p>par <strong>Massimo Cut\u00f2<\/strong> et de <strong>Pietro Luigi Biagioni<\/strong><strong><\/strong><\/p>\n\n\n\n<p>projet d'\u00e9tape par <strong>Alessandro Sesti<\/strong>, bande sonore de <strong>Gianmarco Caselli<\/strong><\/p>\n\n\n\n<p>Lucques, Palazzo Ducale, Sala Tobino<\/p>\n\n\n\n<p>L'exposition a pour but d'accompagner le visiteur sur le chemin parcouru par nos \u00e9migrants, avec leurs espoirs et leurs craintes.<\/p>\n\n\n\n<p>Ce seront les images et les documents originaux qui rendront possible la rencontre avec le pass\u00e9, capables de procurer les \u00e9motions v\u00e9cues par les t\u00e9moins d'un monde dans lequel s'enracinent nos racines et notre histoire.<\/p>\n\n\n\n<p>Reconnaissante de l'\u0153uvre de Paolo Cresci, l'exposition est un hommage \u00e0 sa m\u00e9moire, \u00e0 l'occasion du 25e anniversaire de sa mort, et la meilleure occasion de c\u00e9l\u00e9brer les 20 ans d'activit\u00e9 de notre Fondation.<\/p>\n\n\n\n<p>Inauguration : mardi 13 septembre 2022, 11 heures.<\/p>\n\n\n\n<figure class=\"wp-block-image size-full is-style-default\"><img loading=\"lazy\" decoding=\"async\" width=\"394\" height=\"533\" src=\"https:\/\/www.museoemigrazioneitaliana.org\/wp-content\/uploads\/2022\/09\/COPERTINA-NAVI-DI-CARTA_ritaglio-1.jpg\" alt=\"\" class=\"wp-image-3332\"\/><figcaption>Exposition NAVI DI CARTA - Fondation Paolo Cresci pour l'histoire de l'\u00e9migration italienne<\/figcaption><\/figure>\n\n\n\n<div class=\"wp-block-media-text alignwide is-stacked-on-mobile\"><figure class=\"wp-block-media-text__media\"><\/figure><div class=\"wp-block-media-text__content\">\n<p class=\"has-large-font-size\"><\/p>\n<\/div><\/div>","protected":false},"excerpt":{"rendered":"<p>a cura di Massimo Cut\u00f2 e di Pietro Luigi Biagioni progetto scenico di Alessandro Sesti, colonna sonora di Gianmarco Caselli Lucca, Palazzo Ducale, Sala Tobino Il percorso espositivo intende accompagnare il visitatore lungo il viaggio intrapreso dai nostri emigranti, con le loro speranze e con i loro timori. Saranno le immagini e i documenti originali [&hellip;]<\/p>\n","protected":false},"author":3,"featured_media":3342,"comment_status":"closed","ping_status":"open","sticky":false,"template":"","format":"standard","meta":{"_acf_changed":false,"site-sidebar-layout":"default","site-content-layout":"","ast-site-content-layout":"default","site-content-style":"default","site-sidebar-style":"default","ast-global-header-display":"","ast-banner-title-visibility":"","ast-main-header-display":"","ast-hfb-above-header-display":"","ast-hfb-below-header-display":"","ast-hfb-mobile-header-display":"","site-post-title":"","ast-breadcrumbs-content":"","ast-featured-img":"","footer-sml-layout":"","ast-disable-related-posts":"","theme-transparent-header-meta":"","adv-header-id-meta":"","stick-header-meta":"","header-above-stick-meta":"","header-main-stick-meta":"","header-below-stick-meta":"","astra-migrate-meta-layouts":"default","ast-page-background-enabled":"default","ast-page-background-meta":{"desktop":{"background-color":"","background-image":"","background-repeat":"repeat","background-position":"center center","background-size":"auto","background-attachment":"scroll","background-type":"","background-media":"","overlay-type":"","overlay-color":"","overlay-opacity":"","overlay-gradient":""},"tablet":{"background-color":"","background-image":"","background-repeat":"repeat","background-position":"center center","background-size":"auto","background-attachment":"scroll","background-type":"","background-media":"","overlay-type":"","overlay-color":"","overlay-opacity":"","overlay-gradient":""},"mobile":{"background-color":"","background-image":"","background-repeat":"repeat","background-position":"center center","background-size":"auto","background-attachment":"scroll","background-type":"","background-media":"","overlay-type":"","overlay-color":"","overlay-opacity":"","overlay-gradient":""}},"ast-content-background-meta":{"desktop":{"background-color":"var(--ast-global-color-5)","background-image":"","background-repeat":"repeat","background-position":"center center","background-size":"auto","background-attachment":"scroll","background-type":"","background-media":"","overlay-type":"","overlay-color":"","overlay-opacity":"","overlay-gradient":""},"tablet":{"background-color":"var(--ast-global-color-5)","background-image":"","background-repeat":"repeat","background-position":"center center","background-size":"auto","background-attachment":"scroll","background-type":"","background-media":"","overlay-type":"","overlay-color":"","overlay-opacity":"","overlay-gradient":""},"mobile":{"background-color":"var(--ast-global-color-5)","background-image":"","background-repeat":"repeat","background-position":"center center","background-size":"auto","background-attachment":"scroll","background-type":"","background-media":"","overlay-type":"","overlay-color":"","overlay-opacity":"","overlay-gradient":""}},"footnotes":""},"categories":[1],"tags":[47,49,80,76,77,74,75,79,78],"class_list":["post-3328","post","type-post","status-publish","format-standard","has-post-thumbnail","hentry","category-non-categorizzato","tag-emigrazione","tag-emigrazione-italiana","tag-lavoro","tag-manifesti","tag-manifestipubblicitari","tag-navi-2","tag-navidicarta","tag-speranza","tag-viaggio"],"acf":[],"_links":{"self":[{"href":"https:\/\/www.museoemigrazioneitaliana.org\/fr\/wp-json\/wp\/v2\/posts\/3328","targetHints":{"allow":["GET"]}}],"collection":[{"href":"https:\/\/www.museoemigrazioneitaliana.org\/fr\/wp-json\/wp\/v2\/posts"}],"about":[{"href":"https:\/\/www.museoemigrazioneitaliana.org\/fr\/wp-json\/wp\/v2\/types\/post"}],"author":[{"embeddable":true,"href":"https:\/\/www.museoemigrazioneitaliana.org\/fr\/wp-json\/wp\/v2\/users\/3"}],"replies":[{"embeddable":true,"href":"https:\/\/www.museoemigrazioneitaliana.org\/fr\/wp-json\/wp\/v2\/comments?post=3328"}],"version-history":[{"count":2,"href":"https:\/\/www.museoemigrazioneitaliana.org\/fr\/wp-json\/wp\/v2\/posts\/3328\/revisions"}],"predecessor-version":[{"id":3351,"href":"https:\/\/www.museoemigrazioneitaliana.org\/fr\/wp-json\/wp\/v2\/posts\/3328\/revisions\/3351"}],"wp:featuredmedia":[{"embeddable":true,"href":"https:\/\/www.museoemigrazioneitaliana.org\/fr\/wp-json\/wp\/v2\/media\/3342"}],"wp:attachment":[{"href":"https:\/\/www.museoemigrazioneitaliana.org\/fr\/wp-json\/wp\/v2\/media?parent=3328"}],"wp:term":[{"taxonomy":"category","embeddable":true,"href":"https:\/\/www.museoemigrazioneitaliana.org\/fr\/wp-json\/wp\/v2\/categories?post=3328"},{"taxonomy":"post_tag","embeddable":true,"href":"https:\/\/www.museoemigrazioneitaliana.org\/fr\/wp-json\/wp\/v2\/tags?post=3328"}],"curies":[{"name":"wp","href":"https:\/\/api.w.org\/{rel}","templated":true}]}}