{"id":3279,"date":"2022-03-30T18:58:16","date_gmt":"2022-03-30T16:58:16","guid":{"rendered":"https:\/\/www.museoemigrazioneitaliana.org\/?p=3279"},"modified":"2022-03-30T19:06:45","modified_gmt":"2022-03-30T17:06:45","slug":"conocimientos-que-no-se-olvidan","status":"publish","type":"post","link":"https:\/\/www.museoemigrazioneitaliana.org\/es\/saperi-che-non-si-dimenticano\/","title":{"rendered":"CONOCIMIENTOS QUE NO SE OLVIDAN"},"content":{"rendered":"<p>Saberes que no se olvidan: una exposici\u00f3n sobre empresarios italianos en Argentina en el Museo del Mare de G\u00e9nova<\/p>\n\n\n\n<p>El pr\u00f3ximo 31 de marzo, a las 17.30 horas, en el\u00a0<strong>Galata Museo del Mare - Calata De Mari, 1, G\u00e9nova<\/strong>se inaugurar\u00e1 la exposici\u00f3n\u00a0<strong>Conocimientos que no se olvidan: el patrimonio de las empresas y empresarios italianos en Argentina\".<\/strong><br>La exposici\u00f3n, comisariada por Francesca Fauri y Donatella Strangio, relata la transmisi\u00f3n de conocimientos vinculados al patrimonio industrial de empresarios inmigrantes y grandes empresas italianas que decidieron abrir una planta de montaje o producci\u00f3n en Argentina. El equipo de investigaci\u00f3n recopil\u00f3 fotograf\u00edas originales de empresas italianas en Argentina, escenas del trabajo cotidiano e im\u00e1genes publicitarias de archivos italianos y argentinos. Esta impactante antolog\u00eda fotogr\u00e1fica va acompa\u00f1ada de una breve historia de cada empresa en Argentina y pretende documentar la influencia y el \u00e9xito de los emigrantes y empresarios italianos en este pa\u00eds.<\/p>\n\n\n\n<figure class=\"wp-block-image size-large\"><img loading=\"lazy\" decoding=\"async\" width=\"1280\" height=\"720\" src=\"https:\/\/www.museoemigrazioneitaliana.org\/wp-content\/uploads\/2022\/03\/image001-1-1280x720.png\" alt=\"\" class=\"wp-image-3283\" srcset=\"https:\/\/www.museoemigrazioneitaliana.org\/wp-content\/uploads\/2022\/03\/image001-1-1280x720.png 1280w, https:\/\/www.museoemigrazioneitaliana.org\/wp-content\/uploads\/2022\/03\/image001-1-768x432.png 768w, https:\/\/www.museoemigrazioneitaliana.org\/wp-content\/uploads\/2022\/03\/image001-1-1536x864.png 1536w, https:\/\/www.museoemigrazioneitaliana.org\/wp-content\/uploads\/2022\/03\/image001-1.png 1623w\" sizes=\"auto, (max-width: 1280px) 100vw, 1280px\" \/><\/figure>","protected":false},"excerpt":{"rendered":"<p>Saperi che non si dimenticano: al Museo del Mare di Genova una mostra sugli imprenditori italiani in Argentina Il prossimo 31 marzo, alle ore 17.30, presso il\u00a0Galata Museo del Mare &#8211; Calata De Mari, 1, Genova, verr\u00e0 inaugurata la mostra\u00a0\u201cSaperi che non si dimenticano: il patrimonio delle imprese e degli imprenditori italiani in Argentina\u201d.La mostra, [&hellip;]<\/p>\n","protected":false},"author":3,"featured_media":3291,"comment_status":"closed","ping_status":"open","sticky":false,"template":"","format":"standard","meta":{"_acf_changed":false,"site-sidebar-layout":"default","site-content-layout":"","ast-site-content-layout":"default","site-content-style":"default","site-sidebar-style":"default","ast-global-header-display":"","ast-banner-title-visibility":"","ast-main-header-display":"","ast-hfb-above-header-display":"","ast-hfb-below-header-display":"","ast-hfb-mobile-header-display":"","site-post-title":"","ast-breadcrumbs-content":"","ast-featured-img":"","footer-sml-layout":"","ast-disable-related-posts":"","theme-transparent-header-meta":"","adv-header-id-meta":"","stick-header-meta":"","header-above-stick-meta":"","header-main-stick-meta":"","header-below-stick-meta":"","astra-migrate-meta-layouts":"default","ast-page-background-enabled":"default","ast-page-background-meta":{"desktop":{"background-color":"","background-image":"","background-repeat":"repeat","background-position":"center center","background-size":"auto","background-attachment":"scroll","background-type":"","background-media":"","overlay-type":"","overlay-color":"","overlay-opacity":"","overlay-gradient":""},"tablet":{"background-color":"","background-image":"","background-repeat":"repeat","background-position":"center center","background-size":"auto","background-attachment":"scroll","background-type":"","background-media":"","overlay-type":"","overlay-color":"","overlay-opacity":"","overlay-gradient":""},"mobile":{"background-color":"","background-image":"","background-repeat":"repeat","background-position":"center center","background-size":"auto","background-attachment":"scroll","background-type":"","background-media":"","overlay-type":"","overlay-color":"","overlay-opacity":"","overlay-gradient":""}},"ast-content-background-meta":{"desktop":{"background-color":"var(--ast-global-color-5)","background-image":"","background-repeat":"repeat","background-position":"center center","background-size":"auto","background-attachment":"scroll","background-type":"","background-media":"","overlay-type":"","overlay-color":"","overlay-opacity":"","overlay-gradient":""},"tablet":{"background-color":"var(--ast-global-color-5)","background-image":"","background-repeat":"repeat","background-position":"center center","background-size":"auto","background-attachment":"scroll","background-type":"","background-media":"","overlay-type":"","overlay-color":"","overlay-opacity":"","overlay-gradient":""},"mobile":{"background-color":"var(--ast-global-color-5)","background-image":"","background-repeat":"repeat","background-position":"center center","background-size":"auto","background-attachment":"scroll","background-type":"","background-media":"","overlay-type":"","overlay-color":"","overlay-opacity":"","overlay-gradient":""}},"footnotes":""},"categories":[1],"tags":[68,47,67,69],"class_list":["post-3279","post","type-post","status-publish","format-standard","has-post-thumbnail","hentry","category-non-categorizzato","tag-argentina","tag-emigrazione","tag-emigrazioneitaliana","tag-imprenditori"],"acf":[],"_links":{"self":[{"href":"https:\/\/www.museoemigrazioneitaliana.org\/es\/wp-json\/wp\/v2\/posts\/3279","targetHints":{"allow":["GET"]}}],"collection":[{"href":"https:\/\/www.museoemigrazioneitaliana.org\/es\/wp-json\/wp\/v2\/posts"}],"about":[{"href":"https:\/\/www.museoemigrazioneitaliana.org\/es\/wp-json\/wp\/v2\/types\/post"}],"author":[{"embeddable":true,"href":"https:\/\/www.museoemigrazioneitaliana.org\/es\/wp-json\/wp\/v2\/users\/3"}],"replies":[{"embeddable":true,"href":"https:\/\/www.museoemigrazioneitaliana.org\/es\/wp-json\/wp\/v2\/comments?post=3279"}],"version-history":[{"count":2,"href":"https:\/\/www.museoemigrazioneitaliana.org\/es\/wp-json\/wp\/v2\/posts\/3279\/revisions"}],"predecessor-version":[{"id":3290,"href":"https:\/\/www.museoemigrazioneitaliana.org\/es\/wp-json\/wp\/v2\/posts\/3279\/revisions\/3290"}],"wp:featuredmedia":[{"embeddable":true,"href":"https:\/\/www.museoemigrazioneitaliana.org\/es\/wp-json\/wp\/v2\/media\/3291"}],"wp:attachment":[{"href":"https:\/\/www.museoemigrazioneitaliana.org\/es\/wp-json\/wp\/v2\/media?parent=3279"}],"wp:term":[{"taxonomy":"category","embeddable":true,"href":"https:\/\/www.museoemigrazioneitaliana.org\/es\/wp-json\/wp\/v2\/categories?post=3279"},{"taxonomy":"post_tag","embeddable":true,"href":"https:\/\/www.museoemigrazioneitaliana.org\/es\/wp-json\/wp\/v2\/tags?post=3279"}],"curies":[{"name":"wp","href":"https:\/\/api.w.org\/{rel}","templated":true}]}}