{"id":196,"date":"2020-07-03T10:35:00","date_gmt":"2020-07-03T08:35:00","guid":{"rendered":"https:\/\/mei.ms-dev.it\/?p=196"},"modified":"2020-09-18T10:36:42","modified_gmt":"2020-09-18T08:36:42","slug":"1940-2020-octogesimo-aniversario-de-la-tragedia-de-la-estrella-de-andora","status":"publish","type":"post","link":"https:\/\/www.museoemigrazioneitaliana.org\/es\/1940-2020-ottantesimo-anniversario-della-tragedia-dellarandora-star\/","title":{"rendered":"1940-2020 80 aniversario de la tragedia del ARANDORA STAR"},"content":{"rendered":"<p>2 DE JULIO DE 1940<\/p>\n\n\n\n<p>A bordo del Arandora Star, un crucero de lujo reconvertido en barco para deportados con destino a Canad\u00e1, se hacinaban 1.200 prisioneros civiles, entre ellos 712 emigrantes italianos. Tras ser alcanzado por un torpedo lanzado desde un submarino alem\u00e1n, el Arandora Star se hundi\u00f3 en menos de cuarenta minutos: los hombres que perdieron la vida fueron m\u00e1s de 800 y entre ellos 446 eran italianos, procedentes en su mayor\u00eda de las zonas m\u00e1s pobres de los Apeninos, en particular de Lucchesia y Parmense, detenidos tras la declaraci\u00f3n de guerra de Mussolini.<\/p>\n\n\n\n<p>2 DE JULIO DE 2020<\/p>\n\n\n\n<p>En su 80 aniversario, la Fundaci\u00f3n participa en actos conmemorativos<\/p>\n\n\n\n<p>18.30 h, cita en l\u00ednea dedicada a la tragedia del ARANDORA STAR, al que MUP Editore ha dedicado un libro, ahora reci\u00e9n reeditado.<\/p>\n\n\n\n<p>Estrella de Arandora. Del olvido a la memoria, de Maria Serena Balestracci (MUP Publisher 2008).<\/p>\n\n\n\n<p>En el acto intervendr\u00e1n<\/p>\n\n\n\n<p>Marzio Dall'Acqua, Presidente de MUP Editore,<\/p>\n\n\n\n<p>Maria Serena Balestracci, autora,<\/p>\n\n\n\n<p>Giuseppe Conti, Jefe del Comit\u00e9 de V\u00edctimas de Arandora Star Bardi<\/p>\n\n\n\n<p>Pietro Luigi Biagioni, Director de la Fundaci\u00f3n Paolo Cresci.<\/p>\n\n\n\n<p>Tras el debate se proyectar\u00e1 el documental<\/p>\n\n\n\n<p>ARANDORA STAR La tragedia olvidada<\/p>\n\n\n\n<p>producido por la Fundaci\u00f3n Paolo Cresci y NoiTV<\/p>\n\n\n\n<p>21.00 h Barga, plaza San Felice<\/p>\n\n\n\n<p>Proyecci\u00f3n del docufilm<\/p>\n\n\n\n<p>ARANDORA STAR La tragedia olvidada<\/p>\n\n\n\n<p>Con una introducci\u00f3n de Pietro Luigi Biagioni, Director de la Fundaci\u00f3n Paolo Cresci<\/p>","protected":false},"excerpt":{"rendered":"<p>2 LUGLIO 1940 A bordo dell\u2019Arandora Star, nave da crociera di lusso trasformata in imbarcazione per deportati diretti verso il Canada, furono ammassati 1200 prigionieri civili, fra cui 712 emigrati italiani. Dopo essere stata colpita da un siluro lanciato da un sottomarino tedesco, l\u2019Arandora Star affond\u00f2 in meno di quaranta minuti: gli uomini che persero [&hellip;]<\/p>\n","protected":false},"author":1,"featured_media":197,"comment_status":"closed","ping_status":"open","sticky":false,"template":"","format":"standard","meta":{"_acf_changed":false,"site-sidebar-layout":"default","site-content-layout":"default","ast-site-content-layout":"default","site-content-style":"default","site-sidebar-style":"default","ast-global-header-display":"","ast-banner-title-visibility":"","ast-main-header-display":"","ast-hfb-above-header-display":"","ast-hfb-below-header-display":"","ast-hfb-mobile-header-display":"","site-post-title":"","ast-breadcrumbs-content":"","ast-featured-img":"","footer-sml-layout":"","ast-disable-related-posts":"","theme-transparent-header-meta":"default","adv-header-id-meta":"","stick-header-meta":"","header-above-stick-meta":"","header-main-stick-meta":"","header-below-stick-meta":"","astra-migrate-meta-layouts":"default","ast-page-background-enabled":"default","ast-page-background-meta":{"desktop":{"background-color":"","background-image":"","background-repeat":"repeat","background-position":"center center","background-size":"auto","background-attachment":"scroll","background-type":"","background-media":"","overlay-type":"","overlay-color":"","overlay-opacity":"","overlay-gradient":""},"tablet":{"background-color":"","background-image":"","background-repeat":"repeat","background-position":"center center","background-size":"auto","background-attachment":"scroll","background-type":"","background-media":"","overlay-type":"","overlay-color":"","overlay-opacity":"","overlay-gradient":""},"mobile":{"background-color":"","background-image":"","background-repeat":"repeat","background-position":"center center","background-size":"auto","background-attachment":"scroll","background-type":"","background-media":"","overlay-type":"","overlay-color":"","overlay-opacity":"","overlay-gradient":""}},"ast-content-background-meta":{"desktop":{"background-color":"var(--ast-global-color-5)","background-image":"","background-repeat":"repeat","background-position":"center center","background-size":"auto","background-attachment":"scroll","background-type":"","background-media":"","overlay-type":"","overlay-color":"","overlay-opacity":"","overlay-gradient":""},"tablet":{"background-color":"var(--ast-global-color-5)","background-image":"","background-repeat":"repeat","background-position":"center center","background-size":"auto","background-attachment":"scroll","background-type":"","background-media":"","overlay-type":"","overlay-color":"","overlay-opacity":"","overlay-gradient":""},"mobile":{"background-color":"var(--ast-global-color-5)","background-image":"","background-repeat":"repeat","background-position":"center center","background-size":"auto","background-attachment":"scroll","background-type":"","background-media":"","overlay-type":"","overlay-color":"","overlay-opacity":"","overlay-gradient":""}},"footnotes":""},"categories":[1],"tags":[],"class_list":["post-196","post","type-post","status-publish","format-standard","has-post-thumbnail","hentry","category-non-categorizzato"],"acf":[],"_links":{"self":[{"href":"https:\/\/www.museoemigrazioneitaliana.org\/es\/wp-json\/wp\/v2\/posts\/196","targetHints":{"allow":["GET"]}}],"collection":[{"href":"https:\/\/www.museoemigrazioneitaliana.org\/es\/wp-json\/wp\/v2\/posts"}],"about":[{"href":"https:\/\/www.museoemigrazioneitaliana.org\/es\/wp-json\/wp\/v2\/types\/post"}],"author":[{"embeddable":true,"href":"https:\/\/www.museoemigrazioneitaliana.org\/es\/wp-json\/wp\/v2\/users\/1"}],"replies":[{"embeddable":true,"href":"https:\/\/www.museoemigrazioneitaliana.org\/es\/wp-json\/wp\/v2\/comments?post=196"}],"version-history":[{"count":1,"href":"https:\/\/www.museoemigrazioneitaliana.org\/es\/wp-json\/wp\/v2\/posts\/196\/revisions"}],"predecessor-version":[{"id":198,"href":"https:\/\/www.museoemigrazioneitaliana.org\/es\/wp-json\/wp\/v2\/posts\/196\/revisions\/198"}],"wp:featuredmedia":[{"embeddable":true,"href":"https:\/\/www.museoemigrazioneitaliana.org\/es\/wp-json\/wp\/v2\/media\/197"}],"wp:attachment":[{"href":"https:\/\/www.museoemigrazioneitaliana.org\/es\/wp-json\/wp\/v2\/media?parent=196"}],"wp:term":[{"taxonomy":"category","embeddable":true,"href":"https:\/\/www.museoemigrazioneitaliana.org\/es\/wp-json\/wp\/v2\/categories?post=196"},{"taxonomy":"post_tag","embeddable":true,"href":"https:\/\/www.museoemigrazioneitaliana.org\/es\/wp-json\/wp\/v2\/tags?post=196"}],"curies":[{"name":"wp","href":"https:\/\/api.w.org\/{rel}","templated":true}]}}