{"id":2529,"date":"2022-02-14T11:31:00","date_gmt":"2022-02-14T10:31:00","guid":{"rendered":"https:\/\/mei.ms-dev.it\/?p=2529"},"modified":"2022-02-14T11:57:07","modified_gmt":"2022-02-14T10:57:07","slug":"die-grose-auswanderung-der-italiener-nach-deutschland","status":"publish","type":"post","link":"https:\/\/www.museoemigrazioneitaliana.org\/de\/la-grande-emigrazione-degli-italiani-in-germania\/","title":{"rendered":"DIE \"GROSSE AUSWANDERUNG\" DER ITALIENER NACH DEUTSCHLAND"},"content":{"rendered":"<h2 class=\"wp-block-heading\"><\/h2>\n\n\n\n\n\n<p>Ein Aufsatz mit dem Titel \"La 'grande emigrazione' degli italiani in Germania e il ruolo della collettivit\u00e0 in un 'Paese leader'\" (\"Die 'gro\u00dfe Auswanderung' der Italiener nach Deutschland und die Rolle des Kollektivs in einem 'f\u00fchrenden Land'\") wurde in der Ausgabe Nr. 53 der Zeitschrift \"Dialoghi Mediterranei\" (Januar 2022) ver\u00f6ffentlicht.<a href=\"http:\/\/www.istitutoeuroarabo.it\/DM\/la-grande-emigrazione-degli-italiani-in-germania-e-il-ruolo-della-collettivita-in-un-paese-leader\/\" target=\"_blank\" rel=\"noreferrer noopener\">http:\/\/www.istitutoeuroarabo.it\/DM\/la-grande-emigrazione-degli-italiani-in-germania-e-il-ruolo-della-collettivita-in-un-paese-leader\/<\/a>). <\/p>\n\n\n\n<p>Der Artikel ist Teil einer Reihe eingehender Studien, die das Studien- und Forschungszentrum Idos in den letzten zwei Jahren \u00fcber gro\u00dfe italienische Gemeinschaften in der ganzen Welt durchgef\u00fchrt hat.<br>Die Beitr\u00e4ge werden von Franco Pittau, dem Ehrenpr\u00e4sidenten von Idos, unter Mitwirkung weiterer Autoren innerhalb und au\u00dferhalb des Forschungszentrums herausgegeben.<\/p>\n\n\n\n<figure class=\"wp-block-gallery has-nested-images columns-default is-cropped wp-block-gallery-1 is-layout-flex wp-block-gallery-is-layout-flex\"><\/figure>","protected":false},"excerpt":{"rendered":"<p>\u00c8 stato pubblicato sul n. 53 della rivista \u201cDialoghi Mediterranei\u201d (gennaio 2022) il saggio intitolato \u201cLa \u2018grande emigrazione\u2019 degli italiani in Germania e il ruolo della collettivit\u00e0 in un \u2018Paese leader\u2019(http:\/\/www.istitutoeuroarabo.it\/DM\/la-grande-emigrazione-degli-italiani-in-germania-e-il-ruolo-della-collettivita-in-un-paese-leader\/). L\u2019articolo fa parte della serie di approfondimenti, che da due anni il Centro Studi e Ricerche Idos va conducendo sulle grandi collettivit\u00e0 italiane nel [&hellip;]<\/p>\n","protected":false},"author":3,"featured_media":2530,"comment_status":"closed","ping_status":"open","sticky":false,"template":"","format":"standard","meta":{"_acf_changed":false,"site-sidebar-layout":"default","site-content-layout":"","ast-site-content-layout":"default","site-content-style":"default","site-sidebar-style":"default","ast-global-header-display":"","ast-banner-title-visibility":"","ast-main-header-display":"","ast-hfb-above-header-display":"","ast-hfb-below-header-display":"","ast-hfb-mobile-header-display":"","site-post-title":"","ast-breadcrumbs-content":"","ast-featured-img":"","footer-sml-layout":"","ast-disable-related-posts":"","theme-transparent-header-meta":"","adv-header-id-meta":"","stick-header-meta":"","header-above-stick-meta":"","header-main-stick-meta":"","header-below-stick-meta":"","astra-migrate-meta-layouts":"default","ast-page-background-enabled":"default","ast-page-background-meta":{"desktop":{"background-color":"","background-image":"","background-repeat":"repeat","background-position":"center center","background-size":"auto","background-attachment":"scroll","background-type":"","background-media":"","overlay-type":"","overlay-color":"","overlay-opacity":"","overlay-gradient":""},"tablet":{"background-color":"","background-image":"","background-repeat":"repeat","background-position":"center center","background-size":"auto","background-attachment":"scroll","background-type":"","background-media":"","overlay-type":"","overlay-color":"","overlay-opacity":"","overlay-gradient":""},"mobile":{"background-color":"","background-image":"","background-repeat":"repeat","background-position":"center center","background-size":"auto","background-attachment":"scroll","background-type":"","background-media":"","overlay-type":"","overlay-color":"","overlay-opacity":"","overlay-gradient":""}},"ast-content-background-meta":{"desktop":{"background-color":"var(--ast-global-color-5)","background-image":"","background-repeat":"repeat","background-position":"center center","background-size":"auto","background-attachment":"scroll","background-type":"","background-media":"","overlay-type":"","overlay-color":"","overlay-opacity":"","overlay-gradient":""},"tablet":{"background-color":"var(--ast-global-color-5)","background-image":"","background-repeat":"repeat","background-position":"center center","background-size":"auto","background-attachment":"scroll","background-type":"","background-media":"","overlay-type":"","overlay-color":"","overlay-opacity":"","overlay-gradient":""},"mobile":{"background-color":"var(--ast-global-color-5)","background-image":"","background-repeat":"repeat","background-position":"center center","background-size":"auto","background-attachment":"scroll","background-type":"","background-media":"","overlay-type":"","overlay-color":"","overlay-opacity":"","overlay-gradient":""}},"footnotes":""},"categories":[1],"tags":[47,49,50,52],"class_list":["post-2529","post","type-post","status-publish","format-standard","has-post-thumbnail","hentry","category-non-categorizzato","tag-emigrazione","tag-emigrazione-italiana","tag-germania","tag-idos"],"acf":[],"_links":{"self":[{"href":"https:\/\/www.museoemigrazioneitaliana.org\/de\/wp-json\/wp\/v2\/posts\/2529","targetHints":{"allow":["GET"]}}],"collection":[{"href":"https:\/\/www.museoemigrazioneitaliana.org\/de\/wp-json\/wp\/v2\/posts"}],"about":[{"href":"https:\/\/www.museoemigrazioneitaliana.org\/de\/wp-json\/wp\/v2\/types\/post"}],"author":[{"embeddable":true,"href":"https:\/\/www.museoemigrazioneitaliana.org\/de\/wp-json\/wp\/v2\/users\/3"}],"replies":[{"embeddable":true,"href":"https:\/\/www.museoemigrazioneitaliana.org\/de\/wp-json\/wp\/v2\/comments?post=2529"}],"version-history":[{"count":2,"href":"https:\/\/www.museoemigrazioneitaliana.org\/de\/wp-json\/wp\/v2\/posts\/2529\/revisions"}],"predecessor-version":[{"id":2536,"href":"https:\/\/www.museoemigrazioneitaliana.org\/de\/wp-json\/wp\/v2\/posts\/2529\/revisions\/2536"}],"wp:featuredmedia":[{"embeddable":true,"href":"https:\/\/www.museoemigrazioneitaliana.org\/de\/wp-json\/wp\/v2\/media\/2530"}],"wp:attachment":[{"href":"https:\/\/www.museoemigrazioneitaliana.org\/de\/wp-json\/wp\/v2\/media?parent=2529"}],"wp:term":[{"taxonomy":"category","embeddable":true,"href":"https:\/\/www.museoemigrazioneitaliana.org\/de\/wp-json\/wp\/v2\/categories?post=2529"},{"taxonomy":"post_tag","embeddable":true,"href":"https:\/\/www.museoemigrazioneitaliana.org\/de\/wp-json\/wp\/v2\/tags?post=2529"}],"curies":[{"name":"wp","href":"https:\/\/api.w.org\/{rel}","templated":true}]}}